{"id":7923,"date":"2024-08-23T10:06:37","date_gmt":"2024-08-23T08:06:37","guid":{"rendered":"https:\/\/visitlviv.net\/?p=7923"},"modified":"2024-08-23T10:57:58","modified_gmt":"2024-08-23T08:57:58","slug":"wystawa-opanas-zalywacha-kim-jestesmy-we-lwowie","status":"publish","type":"post","link":"https:\/\/visitlviv.net\/pl\/wydarzenia-we-lwowie\/wystawa-opanas-zalywacha-kim-jestesmy-we-lwowie\/","title":{"rendered":"Wystawa \u201eOpanas Za\u0142ywacha. Kim jeste\u015bmy?\u201d we Lwowie"},"content":{"rendered":"\n<p>Ukrai\u0144scy sz\u0119\u015b\u0107dziesi\u0105tnicy to prawdziwy przyk\u0142ad odwagi, patriotyzmu i, co najwa\u017cniejsze, si\u0142y sztuki w walce z sowieckim systemem totalitarnym. Niestety, wiele wybitnych postaci i ich dzie\u0142 pozostaje nadal nieznanych szerokiej publiczno\u015bci. Aby lepiej pozna\u0107 ruch ukrai\u0144skich sz\u0119\u015b\u0107dziesi\u0105tnik\u00f3w, zapraszamy do odwiedzenia wystawy &#8222;Opanas Za\u0142ywacha. Kim jeste\u015bmy?&#8221;, kt\u00f3ra rozpoczyna si\u0119 w ten weekend we Lwowie.<\/p>\n\n\n\n<h2 class=\"wp-block-heading\">Kim jest Opanas Za\u0142ywacha? <\/h2>\n\n\n\n<p>Opanas Za\u0142ywacha to ukrai\u0144ski artysta XX wieku, kt\u00f3rego \u017cycie by\u0142o pe\u0142ne zar\u00f3wno tw\u00f3rczych wzlot\u00f3w, jak i tragicznych pr\u00f3b. Jego \u017cywe, pe\u0142ne symboliki obrazy, cz\u0119sto przedstawiaj\u0105ce fantastyczne stworzenia i mityczne \u015bwiaty, sta\u0142y si\u0119 swoistym wyzwaniem dla sowieckiej ideologii. Za\u0142ywacha by\u0142 jednym z najwybitniejszych przedstawicieli ruchu ukrai\u0144skich sz\u0119\u015b\u0107dziesi\u0105tnik\u00f3w, grupy intelektualist\u00f3w d\u0105\u017c\u0105cych do odrodzenia kultury narodowej i wyra\u017cenia sprzeciwu wobec re\u017cimu totalitarnego.<\/p>\n\n\n\n<p>Jednak za swoj\u0105 otwarto\u015b\u0107 i niezgod\u0119 z w\u0142adz\u0105 artysta by\u0142 prze\u015bladowany i skazany na obozy pracy. Mimo wszystkich trudno\u015bci Za\u0142ywacha nadal tworzy\u0142, pozostawiaj\u0105c po sobie bogate dziedzictwo artystyczne, kt\u00f3re do dzi\u015b inspiruje nowe pokolenia artyst\u00f3w.<\/p>\n\n\n\n<p>Dzi\u015b obrazy Opanasa Za\u0142ywachy s\u0105 wysoko cenione zar\u00f3wno na Ukrainie, jak i za granic\u0105. Jego prace by\u0142y wystawiane na presti\u017cowych mi\u0119dzynarodowych wystawach, a jego imi\u0119 sta\u0142o si\u0119 symbolem walki o wolno\u015b\u0107 tw\u00f3rcz\u0105 i niepodleg\u0142o\u015b\u0107 Ukrainy. Sztuka Za\u0142ywachy to nie tylko przyjemno\u015b\u0107 estetyczna, ale tak\u017ce pot\u0119\u017cny g\u0142os przypominaj\u0105cy nam o znaczeniu zachowania to\u017csamo\u015bci narodowej i walki o swoje prawa.<\/p>\n\n\n\n<h2 class=\"wp-block-heading\">Kr\u00f3tko o wystawie <\/h2>\n\n\n\n<p>Wystawa odkrywa g\u0142\u0119bokie refleksje Za\u0142ywachy nad pytaniem &#8222;Kim jeste\u015bmy?&#8221;, kt\u00f3re towarzyszy\u0142o arty\u015bcie przez ca\u0142e \u017cycie. Ekspozycja, umieszczona w dw\u00f3ch salach Centrum, sk\u0142ada si\u0119 z trzech sekcji tematycznych: &#8222;Utracone korzenie&#8221;, &#8222;Op\u00f3r w labiryntach&#8221; i &#8222;Niedoskona\u0142o\u015b\u0107 jako droga&#8221;.<\/p>\n\n\n\n<p>Zwiedzaj\u0105cy b\u0119d\u0105 mieli unikaln\u0105 okazj\u0119 zobaczy\u0107 ponad 80 dzie\u0142 malarskich i rze\u017abiarskich, z kt\u00f3rych dwie trzecie nigdy wcze\u015bniej nie by\u0142y publicznie wystawiane. Prace pochodz\u0105 z prywatnej kolekcji rodziny Za\u0142ywachy i zbior\u00f3w CIMiM.<\/p>\n\n\n\n<p>Opr\u00f3cz dzie\u0142 sztuki, ekspozycja wzbogacona jest o korespondencj\u0119 artysty, udost\u0119pnion\u0105 przez Centralne Pa\u0144stwowe Archiwum-Muzeum Literatury i Sztuki Ukrainy oraz archiwa prywatne. Dokumenty te pozwalaj\u0105 g\u0142\u0119biej zrozumie\u0107 osobowo\u015b\u0107 Za\u0142ywachy i kontekst jego tw\u00f3rczo\u015bci.<\/p>\n\n\n\n<p>Projekt podkre\u015bla szerszy kontekst ruchu ukrai\u0144skich sz\u0119\u015b\u0107dziesi\u0105tnik\u00f3w, walk\u0119 o wolno\u015b\u0107 wypowiedzi i poszukiwanie to\u017csamo\u015bci narodowej w warunkach re\u017cimu totalitarnego. Wystawa ma na celu pobudzenie refleksji nad wsp\u00f3\u0142czesn\u0105 to\u017csamo\u015bci\u0105 ukrai\u0144sk\u0105, jedno\u015bci\u0105 narodu pomimo r\u00f3\u017cnic i znaczeniem konsolidacji w obliczu zagro\u017ce\u0144 zewn\u0119trznych.<\/p>\n\n\n\n<p><strong>Kiedy<\/strong>: 24-25 sierpnia 2024 <br><br><strong>Czas trwania<\/strong>: 24 sierpnia &#8211; 27 wrze\u015bnia 2024 <br><br><strong>Gdzie<\/strong>: Centrum Sztuki Intelektualnej &#8222;Merkury&#8221; (plac Mickiewicza 10) <br><br><strong>Wst\u0119p<\/strong>: wolny<\/p>\n","protected":false},"excerpt":{"rendered":"<p>Ukrai\u0144scy sz\u0119\u015b\u0107dziesi\u0105tnicy to prawdziwy przyk\u0142ad odwagi, patriotyzmu i, co najwa\u017cniejsze, si\u0142y sztuki w walce z sowieckim systemem totalitarnym. Niestety, wiele wybitnych postaci i ich dzie\u0142 pozostaje nadal nieznanych szerokiej publiczno\u015bci. Aby lepiej pozna\u0107 ruch ukrai\u0144skich sz\u0119\u015b\u0107dziesi\u0105tnik\u00f3w, zapraszamy do odwiedzenia wystawy &#8222;Opanas Za\u0142ywacha. Kim jeste\u015bmy?&#8221;, kt\u00f3ra rozpoczyna si\u0119 w ten weekend we Lwowie.<\/p>\n","protected":false},"author":5,"featured_media":7907,"comment_status":"closed","ping_status":"closed","sticky":false,"template":"","format":"standard","meta":{"_kad_blocks_custom_css":"","_kad_blocks_head_custom_js":"","_kad_blocks_body_custom_js":"","_kad_blocks_footer_custom_js":"","_themeisle_gutenberg_block_has_review":false,"_kadence_starter_templates_imported_post":false,"_kad_post_transparent":"","_kad_post_title":"","_kad_post_layout":"","_kad_post_sidebar_id":"","_kad_post_content_style":"","_kad_post_vertical_padding":"","_kad_post_feature":"","_kad_post_feature_position":"","_kad_post_header":false,"_kad_post_footer":false,"_kad_post_classname":"","footnotes":""},"categories":[145],"tags":[],"class_list":["post-7923","post","type-post","status-publish","format-standard","has-post-thumbnail","hentry","category-wydarzenia-we-lwowie"],"yoast_head":"<!-- This site is optimized with the Yoast SEO plugin v27.4 - https:\/\/yoast.com\/product\/yoast-seo-wordpress\/ -->\n<title>Wystawa \u201eOpanas Za\u0142ywacha. Kim jeste\u015bmy?\u201d we Lwowie<\/title>\n<meta name=\"description\" content=\"Aby lepiej pozna\u0107 lata sze\u015b\u0107dziesi\u0105te, odwied\u017a wystaw\u0119 \u201eOpanas Za\u0142ywacha. Kim jeste\u015bmy?\u201d, kt\u00f3ry rozpocznie si\u0119 24 sierpnia.\" \/>\n<meta name=\"robots\" content=\"index, follow, max-snippet:-1, max-image-preview:large, max-video-preview:-1\" \/>\n<link rel=\"canonical\" href=\"https:\/\/visitlviv.net\/pl\/wydarzenia-we-lwowie\/wystawa-opanas-zalywacha-kim-jestesmy-we-lwowie\/\" \/>\n<meta property=\"og:locale\" content=\"pl_PL\" \/>\n<meta property=\"og:type\" content=\"article\" \/>\n<meta property=\"og:title\" content=\"Wystawa \u201eOpanas Za\u0142ywacha. Kim jeste\u015bmy?\u201d we Lwowie\" \/>\n<meta property=\"og:description\" content=\"Aby lepiej pozna\u0107 lata sze\u015b\u0107dziesi\u0105te, odwied\u017a wystaw\u0119 \u201eOpanas Za\u0142ywacha. Kim jeste\u015bmy?\u201d, kt\u00f3ry rozpocznie si\u0119 24 sierpnia.\" \/>\n<meta property=\"og:url\" content=\"https:\/\/visitlviv.net\/pl\/wydarzenia-we-lwowie\/wystawa-opanas-zalywacha-kim-jestesmy-we-lwowie\/\" \/>\n<meta property=\"og:site_name\" content=\"VisitLviv.net: \u043f\u0443\u0442\u0456\u0432\u043d\u0438\u043a \u041b\u044c\u0432\u043e\u0432\u0430\" \/>\n<meta property=\"article:publisher\" content=\"https:\/\/www.facebook.com\/visitlviv.net\/\" \/>\n<meta property=\"article:published_time\" content=\"2024-08-23T08:06:37+00:00\" \/>\n<meta property=\"article:modified_time\" content=\"2024-08-23T08:57:58+00:00\" \/>\n<meta property=\"og:image\" content=\"https:\/\/visitlviv.net\/wp-content\/uploads\/2024\/08\/zalyvaha.webp\" \/>\n\t<meta property=\"og:image:width\" content=\"1200\" \/>\n\t<meta property=\"og:image:height\" content=\"628\" \/>\n\t<meta property=\"og:image:type\" content=\"image\/webp\" \/>\n<meta name=\"author\" content=\"\u0417\u0443\u0454\u0432\u0430 \u0410\u043d\u0430\u0441\u0442\u0430\u0441\u0456\u044f\" \/>\n<meta name=\"twitter:card\" content=\"summary_large_image\" \/>\n<meta name=\"twitter:creator\" content=\"@VisitLviv\" \/>\n<meta name=\"twitter:site\" content=\"@VisitLviv\" \/>\n<meta name=\"twitter:label1\" content=\"Napisane przez\" \/>\n\t<meta name=\"twitter:data1\" content=\"\u0417\u0443\u0454\u0432\u0430 \u0410\u043d\u0430\u0441\u0442\u0430\u0441\u0456\u044f\" \/>\n\t<meta name=\"twitter:label2\" content=\"Szacowany czas czytania\" \/>\n\t<meta name=\"twitter:data2\" content=\"3 minuty\" \/>\n<script type=\"application\/ld+json\" class=\"yoast-schema-graph\">{\"@context\":\"https:\\\/\\\/schema.org\",\"@graph\":[{\"@type\":\"Article\",\"@id\":\"https:\\\/\\\/visitlviv.net\\\/pl\\\/wydarzenia-we-lwowie\\\/wystawa-opanas-zalywacha-kim-jestesmy-we-lwowie\\\/#article\",\"isPartOf\":{\"@id\":\"https:\\\/\\\/visitlviv.net\\\/pl\\\/wydarzenia-we-lwowie\\\/wystawa-opanas-zalywacha-kim-jestesmy-we-lwowie\\\/\"},\"author\":{\"name\":\"\u0417\u0443\u0454\u0432\u0430 \u0410\u043d\u0430\u0441\u0442\u0430\u0441\u0456\u044f\",\"@id\":\"https:\\\/\\\/visitlviv.net\\\/pl\\\/#\\\/schema\\\/person\\\/0f9a32000b2a83cc70bf28b96201173e\"},\"headline\":\"Wystawa \u201eOpanas Za\u0142ywacha. Kim jeste\u015bmy?\u201d we Lwowie\",\"datePublished\":\"2024-08-23T08:06:37+00:00\",\"dateModified\":\"2024-08-23T08:57:58+00:00\",\"mainEntityOfPage\":{\"@id\":\"https:\\\/\\\/visitlviv.net\\\/pl\\\/wydarzenia-we-lwowie\\\/wystawa-opanas-zalywacha-kim-jestesmy-we-lwowie\\\/\"},\"wordCount\":480,\"publisher\":{\"@id\":\"https:\\\/\\\/visitlviv.net\\\/pl\\\/#organization\"},\"image\":{\"@id\":\"https:\\\/\\\/visitlviv.net\\\/pl\\\/wydarzenia-we-lwowie\\\/wystawa-opanas-zalywacha-kim-jestesmy-we-lwowie\\\/#primaryimage\"},\"thumbnailUrl\":\"https:\\\/\\\/visitlviv.net\\\/wp-content\\\/uploads\\\/2024\\\/08\\\/zalyvaha.webp\",\"articleSection\":[\"wydarzenia we Lwowie\"],\"inLanguage\":\"pl-PL\"},{\"@type\":\"WebPage\",\"@id\":\"https:\\\/\\\/visitlviv.net\\\/pl\\\/wydarzenia-we-lwowie\\\/wystawa-opanas-zalywacha-kim-jestesmy-we-lwowie\\\/\",\"url\":\"https:\\\/\\\/visitlviv.net\\\/pl\\\/wydarzenia-we-lwowie\\\/wystawa-opanas-zalywacha-kim-jestesmy-we-lwowie\\\/\",\"name\":\"Wystawa \u201eOpanas Za\u0142ywacha. Kim jeste\u015bmy?\u201d we Lwowie\",\"isPartOf\":{\"@id\":\"https:\\\/\\\/visitlviv.net\\\/pl\\\/#website\"},\"primaryImageOfPage\":{\"@id\":\"https:\\\/\\\/visitlviv.net\\\/pl\\\/wydarzenia-we-lwowie\\\/wystawa-opanas-zalywacha-kim-jestesmy-we-lwowie\\\/#primaryimage\"},\"image\":{\"@id\":\"https:\\\/\\\/visitlviv.net\\\/pl\\\/wydarzenia-we-lwowie\\\/wystawa-opanas-zalywacha-kim-jestesmy-we-lwowie\\\/#primaryimage\"},\"thumbnailUrl\":\"https:\\\/\\\/visitlviv.net\\\/wp-content\\\/uploads\\\/2024\\\/08\\\/zalyvaha.webp\",\"datePublished\":\"2024-08-23T08:06:37+00:00\",\"dateModified\":\"2024-08-23T08:57:58+00:00\",\"description\":\"Aby lepiej pozna\u0107 lata sze\u015b\u0107dziesi\u0105te, odwied\u017a wystaw\u0119 \u201eOpanas Za\u0142ywacha. Kim jeste\u015bmy?\u201d, kt\u00f3ry rozpocznie si\u0119 24 sierpnia.\",\"breadcrumb\":{\"@id\":\"https:\\\/\\\/visitlviv.net\\\/pl\\\/wydarzenia-we-lwowie\\\/wystawa-opanas-zalywacha-kim-jestesmy-we-lwowie\\\/#breadcrumb\"},\"inLanguage\":\"pl-PL\",\"potentialAction\":[{\"@type\":\"ReadAction\",\"target\":[\"https:\\\/\\\/visitlviv.net\\\/pl\\\/wydarzenia-we-lwowie\\\/wystawa-opanas-zalywacha-kim-jestesmy-we-lwowie\\\/\"]}]},{\"@type\":\"ImageObject\",\"inLanguage\":\"pl-PL\",\"@id\":\"https:\\\/\\\/visitlviv.net\\\/pl\\\/wydarzenia-we-lwowie\\\/wystawa-opanas-zalywacha-kim-jestesmy-we-lwowie\\\/#primaryimage\",\"url\":\"https:\\\/\\\/visitlviv.net\\\/wp-content\\\/uploads\\\/2024\\\/08\\\/zalyvaha.webp\",\"contentUrl\":\"https:\\\/\\\/visitlviv.net\\\/wp-content\\\/uploads\\\/2024\\\/08\\\/zalyvaha.webp\",\"width\":1200,\"height\":628,\"caption\":\"\u0423 \u041b\u044c\u0432\u043e\u0432\u0456 \u0441\u0442\u0430\u0440\u0442\u0443\u0454 \u0432\u0438\u0441\u0442\u0430\u0432\u043a\u0430 \u201c\u041e\u043f\u0430\u043d\u0430\u0441 \u0417\u0430\u043b\u0438\u0432\u0430\u0445\u0430. \u0425\u0442\u043e \u043c\u0438?\u201d\"},{\"@type\":\"BreadcrumbList\",\"@id\":\"https:\\\/\\\/visitlviv.net\\\/pl\\\/wydarzenia-we-lwowie\\\/wystawa-opanas-zalywacha-kim-jestesmy-we-lwowie\\\/#breadcrumb\",\"itemListElement\":[{\"@type\":\"ListItem\",\"position\":1,\"name\":\"Home\",\"item\":\"https:\\\/\\\/visitlviv.net\\\/pl\\\/\"},{\"@type\":\"ListItem\",\"position\":2,\"name\":\"Wystawa \u201eOpanas Za\u0142ywacha. Kim jeste\u015bmy?\u201d we Lwowie\"}]},{\"@type\":\"WebSite\",\"@id\":\"https:\\\/\\\/visitlviv.net\\\/pl\\\/#website\",\"url\":\"https:\\\/\\\/visitlviv.net\\\/pl\\\/\",\"name\":\"VisitLviv.net: \u043f\u0443\u0442\u0456\u0432\u043d\u0438\u043a \u041b\u044c\u0432\u043e\u0432\u0430\",\"description\":\"\u041f\u043e\u0434\u0456\u0457 \u0442\u0430 \u043b\u043e\u043a\u0430\u0446\u0456\u0457 \u0443 \u041b\u044c\u0432\u043e\u0432\u0456: \u0414\u0435 \u043f\u043e\u0457\u0441\u0442\u0438 \u0443 \u041b\u044c\u0432\u043e\u0432\u0456, \u041f\u0440\u043e\u0436\u0438\u0432\u0430\u043d\u043d\u044f \u0443 \u041b\u044c\u0432\u043e\u0432\u0456, \u0449\u043e \u043f\u043e\u0431\u0430\u0447\u0438\u0442\u0438 \u0443 \u041b\u044c\u0432\u043e\u0432\u0456, \u0410\u0442\u0440\u0430\u043a\u0446\u0456\u0457, \u0437\u0430\u043a\u043b\u0430\u0434\u0438, \u043c\u0443\u0437\u0435\u0457 \u0442\u0430 \u043c\u0430\u0440\u0448\u0440\u0443\u0442\u0438\",\"publisher\":{\"@id\":\"https:\\\/\\\/visitlviv.net\\\/pl\\\/#organization\"},\"potentialAction\":[{\"@type\":\"SearchAction\",\"target\":{\"@type\":\"EntryPoint\",\"urlTemplate\":\"https:\\\/\\\/visitlviv.net\\\/pl\\\/?s={search_term_string}\"},\"query-input\":{\"@type\":\"PropertyValueSpecification\",\"valueRequired\":true,\"valueName\":\"search_term_string\"}}],\"inLanguage\":\"pl-PL\"},{\"@type\":\"Organization\",\"@id\":\"https:\\\/\\\/visitlviv.net\\\/pl\\\/#organization\",\"name\":\"VisitLviv.net: \u0412\u0441\u0456 \u043f\u043e\u0434\u0456\u0457 \u0442\u0430 \u043b\u043e\u043a\u0430\u0446\u0456\u0457 \u0443 \u043c\u0456\u0441\u0442\u0456 \u041b\u044c\u0432\u043e\u0432\u0456 (\u043f\u0443\u0442\u0456\u0432\u043d\u0438\u043a \u043f\u0440\u043e \u043f\u043e\u0434\u0456\u0457, \u0435\u043a\u0441\u043a\u0443\u0440\u0441\u0456\u0457, \u0433\u043e\u0442\u0435\u043b\u0456, \u0440\u0435\u0441\u0442\u043e\u0440\u0430\u043d\u0438, \u0445\u043e\u0441\u0442\u0435\u043b\u0438, \u043a\u043d\u0430\u0439\u043f\u0438, \u0434\u0435 \u043f\u043e\u0457\u0441\u0442\u0438 \u0443 \u041b\u044c\u0432\u043e\u0432\u0456)\",\"url\":\"https:\\\/\\\/visitlviv.net\\\/pl\\\/\",\"logo\":{\"@type\":\"ImageObject\",\"inLanguage\":\"pl-PL\",\"@id\":\"https:\\\/\\\/visitlviv.net\\\/pl\\\/#\\\/schema\\\/logo\\\/image\\\/\",\"url\":\"https:\\\/\\\/visitlviv.net\\\/wp-content\\\/uploads\\\/2022\\\/09\\\/cropped-cropped-new-logo-1.webp\",\"contentUrl\":\"https:\\\/\\\/visitlviv.net\\\/wp-content\\\/uploads\\\/2022\\\/09\\\/cropped-cropped-new-logo-1.webp\",\"width\":600,\"height\":145,\"caption\":\"VisitLviv.net: \u0412\u0441\u0456 \u043f\u043e\u0434\u0456\u0457 \u0442\u0430 \u043b\u043e\u043a\u0430\u0446\u0456\u0457 \u0443 \u043c\u0456\u0441\u0442\u0456 \u041b\u044c\u0432\u043e\u0432\u0456 (\u043f\u0443\u0442\u0456\u0432\u043d\u0438\u043a \u043f\u0440\u043e \u043f\u043e\u0434\u0456\u0457, \u0435\u043a\u0441\u043a\u0443\u0440\u0441\u0456\u0457, \u0433\u043e\u0442\u0435\u043b\u0456, \u0440\u0435\u0441\u0442\u043e\u0440\u0430\u043d\u0438, \u0445\u043e\u0441\u0442\u0435\u043b\u0438, \u043a\u043d\u0430\u0439\u043f\u0438, \u0434\u0435 \u043f\u043e\u0457\u0441\u0442\u0438 \u0443 \u041b\u044c\u0432\u043e\u0432\u0456)\"},\"image\":{\"@id\":\"https:\\\/\\\/visitlviv.net\\\/pl\\\/#\\\/schema\\\/logo\\\/image\\\/\"},\"sameAs\":[\"https:\\\/\\\/www.facebook.com\\\/visitlviv.net\\\/\",\"https:\\\/\\\/x.com\\\/VisitLviv\"]},{\"@type\":\"Person\",\"@id\":\"https:\\\/\\\/visitlviv.net\\\/pl\\\/#\\\/schema\\\/person\\\/0f9a32000b2a83cc70bf28b96201173e\",\"name\":\"\u0417\u0443\u0454\u0432\u0430 \u0410\u043d\u0430\u0441\u0442\u0430\u0441\u0456\u044f\",\"image\":{\"@type\":\"ImageObject\",\"inLanguage\":\"pl-PL\",\"@id\":\"https:\\\/\\\/secure.gravatar.com\\\/avatar\\\/7d7d9f3e069fc8379214d27d111d4124b9121cdd8dd73ecc85eda1c923dd9723?s=96&d=mm&r=g\",\"url\":\"https:\\\/\\\/secure.gravatar.com\\\/avatar\\\/7d7d9f3e069fc8379214d27d111d4124b9121cdd8dd73ecc85eda1c923dd9723?s=96&d=mm&r=g\",\"contentUrl\":\"https:\\\/\\\/secure.gravatar.com\\\/avatar\\\/7d7d9f3e069fc8379214d27d111d4124b9121cdd8dd73ecc85eda1c923dd9723?s=96&d=mm&r=g\",\"caption\":\"\u0417\u0443\u0454\u0432\u0430 \u0410\u043d\u0430\u0441\u0442\u0430\u0441\u0456\u044f\"},\"url\":\"https:\\\/\\\/visitlviv.net\\\/pl\\\/author\\\/zuna\\\/\"}]}<\/script>\n<!-- \/ Yoast SEO plugin. -->","yoast_head_json":{"title":"Wystawa \u201eOpanas Za\u0142ywacha. Kim jeste\u015bmy?\u201d we Lwowie","description":"Aby lepiej pozna\u0107 lata sze\u015b\u0107dziesi\u0105te, odwied\u017a wystaw\u0119 \u201eOpanas Za\u0142ywacha. Kim jeste\u015bmy?\u201d, kt\u00f3ry rozpocznie si\u0119 24 sierpnia.","robots":{"index":"index","follow":"follow","max-snippet":"max-snippet:-1","max-image-preview":"max-image-preview:large","max-video-preview":"max-video-preview:-1"},"canonical":"https:\/\/visitlviv.net\/pl\/wydarzenia-we-lwowie\/wystawa-opanas-zalywacha-kim-jestesmy-we-lwowie\/","og_locale":"pl_PL","og_type":"article","og_title":"Wystawa \u201eOpanas Za\u0142ywacha. Kim jeste\u015bmy?\u201d we Lwowie","og_description":"Aby lepiej pozna\u0107 lata sze\u015b\u0107dziesi\u0105te, odwied\u017a wystaw\u0119 \u201eOpanas Za\u0142ywacha. Kim jeste\u015bmy?\u201d, kt\u00f3ry rozpocznie si\u0119 24 sierpnia.","og_url":"https:\/\/visitlviv.net\/pl\/wydarzenia-we-lwowie\/wystawa-opanas-zalywacha-kim-jestesmy-we-lwowie\/","og_site_name":"VisitLviv.net: \u043f\u0443\u0442\u0456\u0432\u043d\u0438\u043a \u041b\u044c\u0432\u043e\u0432\u0430","article_publisher":"https:\/\/www.facebook.com\/visitlviv.net\/","article_published_time":"2024-08-23T08:06:37+00:00","article_modified_time":"2024-08-23T08:57:58+00:00","og_image":[{"width":1200,"height":628,"url":"https:\/\/visitlviv.net\/wp-content\/uploads\/2024\/08\/zalyvaha.webp","type":"image\/webp"}],"author":"\u0417\u0443\u0454\u0432\u0430 \u0410\u043d\u0430\u0441\u0442\u0430\u0441\u0456\u044f","twitter_card":"summary_large_image","twitter_creator":"@VisitLviv","twitter_site":"@VisitLviv","twitter_misc":{"Napisane przez":"\u0417\u0443\u0454\u0432\u0430 \u0410\u043d\u0430\u0441\u0442\u0430\u0441\u0456\u044f","Szacowany czas czytania":"3 minuty"},"schema":{"@context":"https:\/\/schema.org","@graph":[{"@type":"Article","@id":"https:\/\/visitlviv.net\/pl\/wydarzenia-we-lwowie\/wystawa-opanas-zalywacha-kim-jestesmy-we-lwowie\/#article","isPartOf":{"@id":"https:\/\/visitlviv.net\/pl\/wydarzenia-we-lwowie\/wystawa-opanas-zalywacha-kim-jestesmy-we-lwowie\/"},"author":{"name":"\u0417\u0443\u0454\u0432\u0430 \u0410\u043d\u0430\u0441\u0442\u0430\u0441\u0456\u044f","@id":"https:\/\/visitlviv.net\/pl\/#\/schema\/person\/0f9a32000b2a83cc70bf28b96201173e"},"headline":"Wystawa \u201eOpanas Za\u0142ywacha. Kim jeste\u015bmy?\u201d we Lwowie","datePublished":"2024-08-23T08:06:37+00:00","dateModified":"2024-08-23T08:57:58+00:00","mainEntityOfPage":{"@id":"https:\/\/visitlviv.net\/pl\/wydarzenia-we-lwowie\/wystawa-opanas-zalywacha-kim-jestesmy-we-lwowie\/"},"wordCount":480,"publisher":{"@id":"https:\/\/visitlviv.net\/pl\/#organization"},"image":{"@id":"https:\/\/visitlviv.net\/pl\/wydarzenia-we-lwowie\/wystawa-opanas-zalywacha-kim-jestesmy-we-lwowie\/#primaryimage"},"thumbnailUrl":"https:\/\/visitlviv.net\/wp-content\/uploads\/2024\/08\/zalyvaha.webp","articleSection":["wydarzenia we Lwowie"],"inLanguage":"pl-PL"},{"@type":"WebPage","@id":"https:\/\/visitlviv.net\/pl\/wydarzenia-we-lwowie\/wystawa-opanas-zalywacha-kim-jestesmy-we-lwowie\/","url":"https:\/\/visitlviv.net\/pl\/wydarzenia-we-lwowie\/wystawa-opanas-zalywacha-kim-jestesmy-we-lwowie\/","name":"Wystawa \u201eOpanas Za\u0142ywacha. Kim jeste\u015bmy?\u201d we Lwowie","isPartOf":{"@id":"https:\/\/visitlviv.net\/pl\/#website"},"primaryImageOfPage":{"@id":"https:\/\/visitlviv.net\/pl\/wydarzenia-we-lwowie\/wystawa-opanas-zalywacha-kim-jestesmy-we-lwowie\/#primaryimage"},"image":{"@id":"https:\/\/visitlviv.net\/pl\/wydarzenia-we-lwowie\/wystawa-opanas-zalywacha-kim-jestesmy-we-lwowie\/#primaryimage"},"thumbnailUrl":"https:\/\/visitlviv.net\/wp-content\/uploads\/2024\/08\/zalyvaha.webp","datePublished":"2024-08-23T08:06:37+00:00","dateModified":"2024-08-23T08:57:58+00:00","description":"Aby lepiej pozna\u0107 lata sze\u015b\u0107dziesi\u0105te, odwied\u017a wystaw\u0119 \u201eOpanas Za\u0142ywacha. Kim jeste\u015bmy?\u201d, kt\u00f3ry rozpocznie si\u0119 24 sierpnia.","breadcrumb":{"@id":"https:\/\/visitlviv.net\/pl\/wydarzenia-we-lwowie\/wystawa-opanas-zalywacha-kim-jestesmy-we-lwowie\/#breadcrumb"},"inLanguage":"pl-PL","potentialAction":[{"@type":"ReadAction","target":["https:\/\/visitlviv.net\/pl\/wydarzenia-we-lwowie\/wystawa-opanas-zalywacha-kim-jestesmy-we-lwowie\/"]}]},{"@type":"ImageObject","inLanguage":"pl-PL","@id":"https:\/\/visitlviv.net\/pl\/wydarzenia-we-lwowie\/wystawa-opanas-zalywacha-kim-jestesmy-we-lwowie\/#primaryimage","url":"https:\/\/visitlviv.net\/wp-content\/uploads\/2024\/08\/zalyvaha.webp","contentUrl":"https:\/\/visitlviv.net\/wp-content\/uploads\/2024\/08\/zalyvaha.webp","width":1200,"height":628,"caption":"\u0423 \u041b\u044c\u0432\u043e\u0432\u0456 \u0441\u0442\u0430\u0440\u0442\u0443\u0454 \u0432\u0438\u0441\u0442\u0430\u0432\u043a\u0430 \u201c\u041e\u043f\u0430\u043d\u0430\u0441 \u0417\u0430\u043b\u0438\u0432\u0430\u0445\u0430. \u0425\u0442\u043e \u043c\u0438?\u201d"},{"@type":"BreadcrumbList","@id":"https:\/\/visitlviv.net\/pl\/wydarzenia-we-lwowie\/wystawa-opanas-zalywacha-kim-jestesmy-we-lwowie\/#breadcrumb","itemListElement":[{"@type":"ListItem","position":1,"name":"Home","item":"https:\/\/visitlviv.net\/pl\/"},{"@type":"ListItem","position":2,"name":"Wystawa \u201eOpanas Za\u0142ywacha. Kim jeste\u015bmy?\u201d we Lwowie"}]},{"@type":"WebSite","@id":"https:\/\/visitlviv.net\/pl\/#website","url":"https:\/\/visitlviv.net\/pl\/","name":"VisitLviv.net: \u043f\u0443\u0442\u0456\u0432\u043d\u0438\u043a \u041b\u044c\u0432\u043e\u0432\u0430","description":"\u041f\u043e\u0434\u0456\u0457 \u0442\u0430 \u043b\u043e\u043a\u0430\u0446\u0456\u0457 \u0443 \u041b\u044c\u0432\u043e\u0432\u0456: \u0414\u0435 \u043f\u043e\u0457\u0441\u0442\u0438 \u0443 \u041b\u044c\u0432\u043e\u0432\u0456, \u041f\u0440\u043e\u0436\u0438\u0432\u0430\u043d\u043d\u044f \u0443 \u041b\u044c\u0432\u043e\u0432\u0456, \u0449\u043e \u043f\u043e\u0431\u0430\u0447\u0438\u0442\u0438 \u0443 \u041b\u044c\u0432\u043e\u0432\u0456, \u0410\u0442\u0440\u0430\u043a\u0446\u0456\u0457, \u0437\u0430\u043a\u043b\u0430\u0434\u0438, \u043c\u0443\u0437\u0435\u0457 \u0442\u0430 \u043c\u0430\u0440\u0448\u0440\u0443\u0442\u0438","publisher":{"@id":"https:\/\/visitlviv.net\/pl\/#organization"},"potentialAction":[{"@type":"SearchAction","target":{"@type":"EntryPoint","urlTemplate":"https:\/\/visitlviv.net\/pl\/?s={search_term_string}"},"query-input":{"@type":"PropertyValueSpecification","valueRequired":true,"valueName":"search_term_string"}}],"inLanguage":"pl-PL"},{"@type":"Organization","@id":"https:\/\/visitlviv.net\/pl\/#organization","name":"VisitLviv.net: \u0412\u0441\u0456 \u043f\u043e\u0434\u0456\u0457 \u0442\u0430 \u043b\u043e\u043a\u0430\u0446\u0456\u0457 \u0443 \u043c\u0456\u0441\u0442\u0456 \u041b\u044c\u0432\u043e\u0432\u0456 (\u043f\u0443\u0442\u0456\u0432\u043d\u0438\u043a \u043f\u0440\u043e \u043f\u043e\u0434\u0456\u0457, \u0435\u043a\u0441\u043a\u0443\u0440\u0441\u0456\u0457, \u0433\u043e\u0442\u0435\u043b\u0456, \u0440\u0435\u0441\u0442\u043e\u0440\u0430\u043d\u0438, \u0445\u043e\u0441\u0442\u0435\u043b\u0438, \u043a\u043d\u0430\u0439\u043f\u0438, \u0434\u0435 \u043f\u043e\u0457\u0441\u0442\u0438 \u0443 \u041b\u044c\u0432\u043e\u0432\u0456)","url":"https:\/\/visitlviv.net\/pl\/","logo":{"@type":"ImageObject","inLanguage":"pl-PL","@id":"https:\/\/visitlviv.net\/pl\/#\/schema\/logo\/image\/","url":"https:\/\/visitlviv.net\/wp-content\/uploads\/2022\/09\/cropped-cropped-new-logo-1.webp","contentUrl":"https:\/\/visitlviv.net\/wp-content\/uploads\/2022\/09\/cropped-cropped-new-logo-1.webp","width":600,"height":145,"caption":"VisitLviv.net: \u0412\u0441\u0456 \u043f\u043e\u0434\u0456\u0457 \u0442\u0430 \u043b\u043e\u043a\u0430\u0446\u0456\u0457 \u0443 \u043c\u0456\u0441\u0442\u0456 \u041b\u044c\u0432\u043e\u0432\u0456 (\u043f\u0443\u0442\u0456\u0432\u043d\u0438\u043a \u043f\u0440\u043e \u043f\u043e\u0434\u0456\u0457, \u0435\u043a\u0441\u043a\u0443\u0440\u0441\u0456\u0457, \u0433\u043e\u0442\u0435\u043b\u0456, \u0440\u0435\u0441\u0442\u043e\u0440\u0430\u043d\u0438, \u0445\u043e\u0441\u0442\u0435\u043b\u0438, \u043a\u043d\u0430\u0439\u043f\u0438, \u0434\u0435 \u043f\u043e\u0457\u0441\u0442\u0438 \u0443 \u041b\u044c\u0432\u043e\u0432\u0456)"},"image":{"@id":"https:\/\/visitlviv.net\/pl\/#\/schema\/logo\/image\/"},"sameAs":["https:\/\/www.facebook.com\/visitlviv.net\/","https:\/\/x.com\/VisitLviv"]},{"@type":"Person","@id":"https:\/\/visitlviv.net\/pl\/#\/schema\/person\/0f9a32000b2a83cc70bf28b96201173e","name":"\u0417\u0443\u0454\u0432\u0430 \u0410\u043d\u0430\u0441\u0442\u0430\u0441\u0456\u044f","image":{"@type":"ImageObject","inLanguage":"pl-PL","@id":"https:\/\/secure.gravatar.com\/avatar\/7d7d9f3e069fc8379214d27d111d4124b9121cdd8dd73ecc85eda1c923dd9723?s=96&d=mm&r=g","url":"https:\/\/secure.gravatar.com\/avatar\/7d7d9f3e069fc8379214d27d111d4124b9121cdd8dd73ecc85eda1c923dd9723?s=96&d=mm&r=g","contentUrl":"https:\/\/secure.gravatar.com\/avatar\/7d7d9f3e069fc8379214d27d111d4124b9121cdd8dd73ecc85eda1c923dd9723?s=96&d=mm&r=g","caption":"\u0417\u0443\u0454\u0432\u0430 \u0410\u043d\u0430\u0441\u0442\u0430\u0441\u0456\u044f"},"url":"https:\/\/visitlviv.net\/pl\/author\/zuna\/"}]}},"taxonomy_info":{"category":[{"value":145,"label":"wydarzenia we Lwowie"}]},"featured_image_src_large":["https:\/\/visitlviv.net\/wp-content\/uploads\/2024\/08\/zalyvaha-1024x536.webp",1024,536,true],"author_info":{"display_name":"\u0417\u0443\u0454\u0432\u0430 \u0410\u043d\u0430\u0441\u0442\u0430\u0441\u0456\u044f","author_link":"https:\/\/visitlviv.net\/pl\/author\/zuna\/"},"comment_info":"","category_info":[{"term_id":145,"name":"wydarzenia we Lwowie","slug":"wydarzenia-we-lwowie","term_group":0,"term_taxonomy_id":145,"taxonomy":"category","description":"Wydarzenia we Lwowie - koncerty, wystawy, spektakle","parent":0,"count":65,"filter":"raw","cat_ID":145,"category_count":65,"category_description":"Wydarzenia we Lwowie - koncerty, wystawy, spektakle","cat_name":"wydarzenia we Lwowie","category_nicename":"wydarzenia-we-lwowie","category_parent":0}],"tag_info":false,"_links":{"self":[{"href":"https:\/\/visitlviv.net\/pl\/wp-json\/wp\/v2\/posts\/7923","targetHints":{"allow":["GET"]}}],"collection":[{"href":"https:\/\/visitlviv.net\/pl\/wp-json\/wp\/v2\/posts"}],"about":[{"href":"https:\/\/visitlviv.net\/pl\/wp-json\/wp\/v2\/types\/post"}],"author":[{"embeddable":true,"href":"https:\/\/visitlviv.net\/pl\/wp-json\/wp\/v2\/users\/5"}],"replies":[{"embeddable":true,"href":"https:\/\/visitlviv.net\/pl\/wp-json\/wp\/v2\/comments?post=7923"}],"version-history":[{"count":1,"href":"https:\/\/visitlviv.net\/pl\/wp-json\/wp\/v2\/posts\/7923\/revisions"}],"predecessor-version":[{"id":7924,"href":"https:\/\/visitlviv.net\/pl\/wp-json\/wp\/v2\/posts\/7923\/revisions\/7924"}],"wp:featuredmedia":[{"embeddable":true,"href":"https:\/\/visitlviv.net\/pl\/wp-json\/wp\/v2\/media\/7907"}],"wp:attachment":[{"href":"https:\/\/visitlviv.net\/pl\/wp-json\/wp\/v2\/media?parent=7923"}],"wp:term":[{"taxonomy":"category","embeddable":true,"href":"https:\/\/visitlviv.net\/pl\/wp-json\/wp\/v2\/categories?post=7923"},{"taxonomy":"post_tag","embeddable":true,"href":"https:\/\/visitlviv.net\/pl\/wp-json\/wp\/v2\/tags?post=7923"}],"curies":[{"name":"wp","href":"https:\/\/api.w.org\/{rel}","templated":true}]}}